{"id":8258,"date":"2024-04-13T09:00:59","date_gmt":"2024-04-13T07:00:59","guid":{"rendered":"https:\/\/biomedandtechtalks.com\/?p=8258"},"modified":"2024-04-12T17:15:13","modified_gmt":"2024-04-12T15:15:13","slug":"tecnologia-e-investigacion-claves-para-la-prevencion-de-enfermedades","status":"publish","type":"post","link":"https:\/\/biomedandtechtalks.com\/en\/tecnologia-e-investigacion-claves-para-la-prevencion-de-enfermedades\/","title":{"rendered":"TECHNOLOGY AND RESEARCH, KEY TO DISEASE PREVENTION"},"content":{"rendered":"<ul>\n<li><b>\u00c1lvaro Pascual-Leone<\/b>, <b>Professor of Neurology at Harvard Medical School: &#8220;Brain diseases cost 15% of the world&#8217;s GDP&#8221;.<\/b><\/li>\n<li><b><\/b><b>Dr. Francisco Lopera, a renowned Colombian neurologist, stresses the need for prevention of diseases such as Alzheimer&#8217;s and says that &#8220;in five years we will have much more effective and interesting treatments and in 10 years we will have 100% effective treatments to prevent and cure it&#8221;.<\/b><\/li>\n<li><b><\/b><b>Marta Alarc\u00f3n Riquelme, director of the Genomics and Oncology Research Center (GENYO), maintains that &#8220;around 30-40% of patients have a poor response to existing treatments today&#8221; and that research is being carried out so that in the future &#8220;the same treatment can be used for patients with different diseases&#8221;.<\/b><\/li>\n<li><b><\/b><b>Sonia Contera, Professor of Physics at Oxford University: &#8220;AI opens up the possibility of identifying patterns within complex systems&#8221;.<\/b><\/li>\n<li><b><\/b><span style=\"font-size: small;\"><b>&#8220;The time to bring science and technology together to improve patients&#8217; lives is now,&#8221; says Jorge Pou, director of Innovation and Commercial Operations at GSK Spain.<\/b><\/span><\/li>\n<\/ul>\n<p align=\"justify\">Coinciding with World Health Day and World Health Week, <b>&#8216;BioMed &amp; Tech Talks&#8217;: Your appointment with research and innovation <\/b>has celebrated its first edition turning <b>Granada into the epicenter of Biomedicine and Biotechnology<\/b>. The Hospital Cl\u00ednico Universitario San Cecilio, located in the Health Technology Park, was the venue for the face-to-face sessions of this new independent, transversal, international and multidisciplinary event in which <b>more than 40 experts <\/b>in biomedicine and biotechnology participated, <b>of which more than 40% were women<\/b>.<\/p>\n<p align=\"justify\">The first edition of &#8216;BioMed &amp; Tech Talks&#8217; has counted with authentic eminences in the field of health such as <b>Dr. \u00c1lvaro Pascual-Leone<\/b>, Professor of Neurology at Harvard Medical School, &#8216;Speaker of Honor&#8217; of the event; <b>Dr. Am\u00f3s Garc\u00eda <\/b>Rojas, medical epidemiologist and member of the Standing Committee for Europe of the World Health Organization (WHO); <b>the doctor and researcher Marta Alarc\u00f3n Riquelme<\/b>, director of the Genomics and Oncology Research Center (GENYO) of Granada; and the renowned <b>Colombian neurologist Francisco Lopera<\/b>.<\/p>\n<p align=\"justify\"><b>BioMed&amp;Tech Talks&#8217;<\/b>, organized by Medina Media Events, was supported by <b>the Progreso y Salud Foundation (FPS)<\/b>, of the Ministry of Health and Consumer Affairs of the Andalusian Regional Government, and brought together representatives of the World Health Organization (WHO), Farmaindustria, the Andalusian Public Health System (SSPA) and health communicators&#8217; associations, such as ANIS, AEC2 and ComunicaBiotec.<\/p>\n<p><img loading=\"lazy\" decoding=\"async\" class=\"aligncenter wp-image-8104 size-large\" src=\"https:\/\/biomedandtechtalks.com\/web\/wp-content\/uploads\/2024\/04\/Imagen-de-WhatsApp-2024-04-08-a-las-12.18.02_0b862468-1024x637.jpg\" alt=\"\" width=\"1024\" height=\"637\" srcset=\"https:\/\/biomedandtechtalks.com\/web\/wp-content\/uploads\/2024\/04\/Imagen-de-WhatsApp-2024-04-08-a-las-12.18.02_0b862468-1024x637.jpg 1024w, https:\/\/biomedandtechtalks.com\/web\/wp-content\/uploads\/2024\/04\/Imagen-de-WhatsApp-2024-04-08-a-las-12.18.02_0b862468-300x187.jpg 300w, https:\/\/biomedandtechtalks.com\/web\/wp-content\/uploads\/2024\/04\/Imagen-de-WhatsApp-2024-04-08-a-las-12.18.02_0b862468-768x478.jpg 768w, https:\/\/biomedandtechtalks.com\/web\/wp-content\/uploads\/2024\/04\/Imagen-de-WhatsApp-2024-04-08-a-las-12.18.02_0b862468-1536x956.jpg 1536w, https:\/\/biomedandtechtalks.com\/web\/wp-content\/uploads\/2024\/04\/Imagen-de-WhatsApp-2024-04-08-a-las-12.18.02_0b862468.jpg 1616w\" sizes=\"auto, (max-width: 1024px) 100vw, 1024px\" \/><\/p>\n<p align=\"justify\">At the institutional level, the <b>Councilor for Health and Consumer Affairs of the Regional Government of Andalusia, Catalina Garc\u00eda Carrasco<\/b>, was in charge of welcoming all those attending this event, which was also attended by <b>the Secretary General for Public Health and R+D+I of the Regional Ministry of Health and Consumer Affairs of the Regional Government of Andalusia, Isaac T\u00fanez; the Deputy Mayor of Granada, Vito Rafael Episcopo; the Rector&#8217;s Delegate for Health of the University of Granada, Jos\u00e9 Juan Jim\u00e9nez Mole\u00f3n; and Manuel Reyes, Managing Director of the Hospital Cl\u00ednico San Cecilio de Granada.<\/b><\/p>\n<p align=\"justify\"><b>Need for prevention<\/b><\/p>\n<p align=\"justify\">During the four days in which <b>&#8216;BioMed&amp;Tech Talks&#8217; <\/b>has been developed, there has been talk about brain diseases, Alzheimer&#8217;s, clinical research, advanced therapies, antibiotic crisis, natural resources, talent mismatch, public-private collaboration, Artificial Intelligence or Big Data, as well as research and innovative technological projects at public and private level both nationally and internationally, among many other issues of concern within the health sector.<\/p>\n<p align=\"justify\">One of the points on which many of the experts present at this first edition of <b>&#8216;BioMed&amp;Tech Talks&#8217; <\/b>agreed was the <b>need for prevention<\/b>. For the neuroscientist from Harvard Medical School, <b>\u00c1lvaro Pascual-Leone<\/b>, who stressed that <b>&#8220;brain diseases cost 15% of the world&#8217;s GDP&#8221;<\/b>, it is essential to <b>&#8220;promote health and not wait for the disease to appear before we face it&#8221;<\/b>, an opinion shared by the epidemiologist <b>Am\u00f3s Garc\u00eda Rojas<\/b>, who warned that <b>&#8220;clear public health policies&#8221; <\/b>will avoid the consequences suffered during the Covid pandemic in the face of a possible new pandemic.<\/p>\n<p><img loading=\"lazy\" decoding=\"async\" class=\"aligncenter wp-image-8106 size-large\" src=\"https:\/\/biomedandtechtalks.com\/web\/wp-content\/uploads\/2024\/04\/Imagen-de-WhatsApp-2024-04-08-a-las-13.19.48_04085fff-1024x684.jpg\" alt=\"\" width=\"1024\" height=\"684\" srcset=\"https:\/\/biomedandtechtalks.com\/web\/wp-content\/uploads\/2024\/04\/Imagen-de-WhatsApp-2024-04-08-a-las-13.19.48_04085fff-1024x684.jpg 1024w, https:\/\/biomedandtechtalks.com\/web\/wp-content\/uploads\/2024\/04\/Imagen-de-WhatsApp-2024-04-08-a-las-13.19.48_04085fff-300x200.jpg 300w, https:\/\/biomedandtechtalks.com\/web\/wp-content\/uploads\/2024\/04\/Imagen-de-WhatsApp-2024-04-08-a-las-13.19.48_04085fff-768x513.jpg 768w, https:\/\/biomedandtechtalks.com\/web\/wp-content\/uploads\/2024\/04\/Imagen-de-WhatsApp-2024-04-08-a-las-13.19.48_04085fff-1536x1027.jpg 1536w, https:\/\/biomedandtechtalks.com\/web\/wp-content\/uploads\/2024\/04\/Imagen-de-WhatsApp-2024-04-08-a-las-13.19.48_04085fff.jpg 1616w\" sizes=\"auto, (max-width: 1024px) 100vw, 1024px\" \/><\/p>\n<p><img loading=\"lazy\" decoding=\"async\" class=\"aligncenter wp-image-8112 size-large\" src=\"https:\/\/biomedandtechtalks.com\/web\/wp-content\/uploads\/2024\/04\/Imagen-de-WhatsApp-2024-04-08-a-las-10.23.14_bbd1482e-1024x684.jpg\" alt=\"\" width=\"1024\" height=\"684\" srcset=\"https:\/\/biomedandtechtalks.com\/web\/wp-content\/uploads\/2024\/04\/Imagen-de-WhatsApp-2024-04-08-a-las-10.23.14_bbd1482e-1024x684.jpg 1024w, https:\/\/biomedandtechtalks.com\/web\/wp-content\/uploads\/2024\/04\/Imagen-de-WhatsApp-2024-04-08-a-las-10.23.14_bbd1482e-300x200.jpg 300w, https:\/\/biomedandtechtalks.com\/web\/wp-content\/uploads\/2024\/04\/Imagen-de-WhatsApp-2024-04-08-a-las-10.23.14_bbd1482e-768x513.jpg 768w, https:\/\/biomedandtechtalks.com\/web\/wp-content\/uploads\/2024\/04\/Imagen-de-WhatsApp-2024-04-08-a-las-10.23.14_bbd1482e-1536x1027.jpg 1536w, https:\/\/biomedandtechtalks.com\/web\/wp-content\/uploads\/2024\/04\/Imagen-de-WhatsApp-2024-04-08-a-las-10.23.14_bbd1482e.jpg 1616w\" sizes=\"auto, (max-width: 1024px) 100vw, 1024px\" \/><\/p>\n<p align=\"justify\"><b>AI in healthcare is a reality<\/b><\/p>\n<p align=\"justify\">Of course, <b>Artificial Intelligence <\/b>and <b>Big Data <\/b>were also present at this event, which is set to become a benchmark in Southern Europe. &#8220;<b>The digital future is already here,&#8221; <\/b>said <b>Armando Romanos<\/b>, director of IAVANTE of the Progreso y Salud Foundation, who maintained that &#8220;the vast majority of patients feel comfortable being attended by a professional with Artificial Intelligence assistance&#8221;. The first edition of <b>&#8216;BioMed&amp;Tech Talks&#8217; was attended by <\/b>numerous technological companies that presented their ambitious projects, such as <b>Legit.Health<\/b>, a company 100% &#8216;made in Spain&#8217;, whose COO and Co-Founder, <b>Taig Mac Carthy, <\/b>presented this innovative project based on AI with which &#8220;to <b>facilitate the work of Primary Care physicians <\/b>so that they can attend and refer patients more easily and, in this way, relieve the saturated healthcare system&#8221;.<\/p>\n<p><img loading=\"lazy\" decoding=\"async\" class=\"aligncenter wp-image-8165 size-large\" src=\"https:\/\/biomedandtechtalks.com\/web\/wp-content\/uploads\/2024\/04\/Imagen-de-WhatsApp-2024-04-09-a-las-13.23.09_e69150af-1024x684.jpg\" alt=\"\" width=\"1024\" height=\"684\" srcset=\"https:\/\/biomedandtechtalks.com\/web\/wp-content\/uploads\/2024\/04\/Imagen-de-WhatsApp-2024-04-09-a-las-13.23.09_e69150af-1024x684.jpg 1024w, https:\/\/biomedandtechtalks.com\/web\/wp-content\/uploads\/2024\/04\/Imagen-de-WhatsApp-2024-04-09-a-las-13.23.09_e69150af-300x200.jpg 300w, https:\/\/biomedandtechtalks.com\/web\/wp-content\/uploads\/2024\/04\/Imagen-de-WhatsApp-2024-04-09-a-las-13.23.09_e69150af-768x513.jpg 768w, https:\/\/biomedandtechtalks.com\/web\/wp-content\/uploads\/2024\/04\/Imagen-de-WhatsApp-2024-04-09-a-las-13.23.09_e69150af-1536x1027.jpg 1536w, https:\/\/biomedandtechtalks.com\/web\/wp-content\/uploads\/2024\/04\/Imagen-de-WhatsApp-2024-04-09-a-las-13.23.09_e69150af.jpg 1616w\" sizes=\"auto, (max-width: 1024px) 100vw, 1024px\" \/><\/p>\n<p><img loading=\"lazy\" decoding=\"async\" class=\"aligncenter wp-image-8240 size-large\" src=\"https:\/\/biomedandtechtalks.com\/web\/wp-content\/uploads\/2024\/04\/TAIG-MAC-CARTHY-03-1024x576.jpg\" alt=\"\" width=\"1024\" height=\"576\" srcset=\"https:\/\/biomedandtechtalks.com\/web\/wp-content\/uploads\/2024\/04\/TAIG-MAC-CARTHY-03-1024x576.jpg 1024w, https:\/\/biomedandtechtalks.com\/web\/wp-content\/uploads\/2024\/04\/TAIG-MAC-CARTHY-03-300x169.jpg 300w, https:\/\/biomedandtechtalks.com\/web\/wp-content\/uploads\/2024\/04\/TAIG-MAC-CARTHY-03-768x432.jpg 768w, https:\/\/biomedandtechtalks.com\/web\/wp-content\/uploads\/2024\/04\/TAIG-MAC-CARTHY-03-1536x864.jpg 1536w, https:\/\/biomedandtechtalks.com\/web\/wp-content\/uploads\/2024\/04\/TAIG-MAC-CARTHY-03.jpg 1920w\" sizes=\"auto, (max-width: 1024px) 100vw, 1024px\" \/><\/p>\n<p align=\"justify\">For this biotechnology entrepreneur, &#8220;<b>doctors can never be replaced by Artificial Intelligence<\/b>. The aim of this technology should be to help the doctor so that he can help patients&#8221;. An opinion also shared by the physicist and nanotechnologist <b>Sonia Contera<\/b>, Professor of Physics at Oxford University and Vice-Dean of the Faculty of Physics at Oxford University, for whom AI &#8220;opens up the possibility of identifying patterns within complex systems&#8221;, although it is true that <b>&#8220;it also has many disadvantages&#8221; due to the complexity of many processes <\/b>that humans can predict while AI will never be able to do so.<\/p>\n<p><img loading=\"lazy\" decoding=\"async\" class=\"aligncenter wp-image-8234 size-large\" src=\"https:\/\/biomedandtechtalks.com\/web\/wp-content\/uploads\/2024\/04\/SONIA-CONTERA-02-1024x576.jpg\" alt=\"\" width=\"1024\" height=\"576\" srcset=\"https:\/\/biomedandtechtalks.com\/web\/wp-content\/uploads\/2024\/04\/SONIA-CONTERA-02-1024x576.jpg 1024w, https:\/\/biomedandtechtalks.com\/web\/wp-content\/uploads\/2024\/04\/SONIA-CONTERA-02-300x169.jpg 300w, https:\/\/biomedandtechtalks.com\/web\/wp-content\/uploads\/2024\/04\/SONIA-CONTERA-02-768x432.jpg 768w, https:\/\/biomedandtechtalks.com\/web\/wp-content\/uploads\/2024\/04\/SONIA-CONTERA-02-1536x864.jpg 1536w, https:\/\/biomedandtechtalks.com\/web\/wp-content\/uploads\/2024\/04\/SONIA-CONTERA-02.jpg 1920w\" sizes=\"auto, (max-width: 1024px) 100vw, 1024px\" \/><\/p>\n<p align=\"justify\"><b>The future in clinical research<\/b><\/p>\n<p align=\"justify\">Among the different clinical research that was discussed during the <b>BioMed&amp;Tech Talks, Marta Alarc\u00f3n Riquelme<\/b>, director of the Genomics and Oncology Research Center (GENYO) in Granada, shared with those attending the event her work with the <b>TR3 Project, <\/b>which seeks to &#8220;improve the response to treatment in autoimmune, inflammatory and allergic diseases&#8221;. According to the Mexican-American researcher, <b>&#8220;around 30-40% of patients have a poor response to the treatments currently available&#8221; <\/b>and her main objective for the future is to ensure that <b>the same treatment can be used for patients with different diseases<\/b>.<\/p>\n<p align=\"justify\"><img loading=\"lazy\" decoding=\"async\" class=\"aligncenter wp-image-8253 size-large\" src=\"https:\/\/biomedandtechtalks.com\/web\/wp-content\/uploads\/2024\/04\/Imagen-de-WhatsApp-2024-04-09-a-las-10.36.06_4e48a423-1024x685.jpg\" alt=\"\" width=\"1024\" height=\"685\" srcset=\"https:\/\/biomedandtechtalks.com\/web\/wp-content\/uploads\/2024\/04\/Imagen-de-WhatsApp-2024-04-09-a-las-10.36.06_4e48a423-1024x685.jpg 1024w, https:\/\/biomedandtechtalks.com\/web\/wp-content\/uploads\/2024\/04\/Imagen-de-WhatsApp-2024-04-09-a-las-10.36.06_4e48a423-300x201.jpg 300w, https:\/\/biomedandtechtalks.com\/web\/wp-content\/uploads\/2024\/04\/Imagen-de-WhatsApp-2024-04-09-a-las-10.36.06_4e48a423-768x514.jpg 768w, https:\/\/biomedandtechtalks.com\/web\/wp-content\/uploads\/2024\/04\/Imagen-de-WhatsApp-2024-04-09-a-las-10.36.06_4e48a423-1536x1027.jpg 1536w, https:\/\/biomedandtechtalks.com\/web\/wp-content\/uploads\/2024\/04\/Imagen-de-WhatsApp-2024-04-09-a-las-10.36.06_4e48a423.jpg 1600w\" sizes=\"auto, (max-width: 1024px) 100vw, 1024px\" \/><\/p>\n<p align=\"justify\">This work is carried out from the <b>Granada Health Technology Park (PTS)<\/b>, a national reference that places Andalusia at the forefront of Biomedicine and Biotechnology. In fact, <b>&#8220;50% of the clinical trials carried out in Spain are taking place in Andalusia&#8221;<\/b>, as <b>Blanca Quijano<\/b>, Clinical Coordinator of the Andalusian Network for the Design and Translation of Advanced Therapies of the Progreso y Salud Foundation, pointed out, and the Andalusian region is also a <b>pioneer in the personalized and precision medicine plan.<\/b><\/p>\n<p><img loading=\"lazy\" decoding=\"async\" class=\"aligncenter wp-image-8159 size-large\" src=\"https:\/\/biomedandtechtalks.com\/web\/wp-content\/uploads\/2024\/04\/Imagen-de-WhatsApp-2024-04-09-a-las-10.24.52_22380037-1024x685.jpg\" alt=\"\" width=\"1024\" height=\"685\" srcset=\"https:\/\/biomedandtechtalks.com\/web\/wp-content\/uploads\/2024\/04\/Imagen-de-WhatsApp-2024-04-09-a-las-10.24.52_22380037-1024x685.jpg 1024w, https:\/\/biomedandtechtalks.com\/web\/wp-content\/uploads\/2024\/04\/Imagen-de-WhatsApp-2024-04-09-a-las-10.24.52_22380037-300x201.jpg 300w, https:\/\/biomedandtechtalks.com\/web\/wp-content\/uploads\/2024\/04\/Imagen-de-WhatsApp-2024-04-09-a-las-10.24.52_22380037-768x514.jpg 768w, https:\/\/biomedandtechtalks.com\/web\/wp-content\/uploads\/2024\/04\/Imagen-de-WhatsApp-2024-04-09-a-las-10.24.52_22380037-1536x1027.jpg 1536w, https:\/\/biomedandtechtalks.com\/web\/wp-content\/uploads\/2024\/04\/Imagen-de-WhatsApp-2024-04-09-a-las-10.24.52_22380037.jpg 1600w\" sizes=\"auto, (max-width: 1024px) 100vw, 1024px\" \/><\/p>\n<p align=\"justify\">At the international level, one of the most interesting research that has been presented at BioMed&amp;Tech Talks was that presented by the renowned <b>Colombian neurologist Francisco Lopera<\/b>, an expert in research to understand <b>Alzheimer&#8217;s <\/b>disease, who assured that <b>&#8220;in five years we will have much more effective and interesting treatments and in 10 years we will have 100% effective treatments to prevent and cure it&#8221;.<\/b><\/p>\n<p><img loading=\"lazy\" decoding=\"async\" class=\"aligncenter wp-image-8232 size-large\" src=\"https:\/\/biomedandtechtalks.com\/web\/wp-content\/uploads\/2024\/04\/FRANCISCO-LOPERA-02-1024x576.jpg\" alt=\"\" width=\"1024\" height=\"576\" srcset=\"https:\/\/biomedandtechtalks.com\/web\/wp-content\/uploads\/2024\/04\/FRANCISCO-LOPERA-02-1024x576.jpg 1024w, https:\/\/biomedandtechtalks.com\/web\/wp-content\/uploads\/2024\/04\/FRANCISCO-LOPERA-02-300x169.jpg 300w, https:\/\/biomedandtechtalks.com\/web\/wp-content\/uploads\/2024\/04\/FRANCISCO-LOPERA-02-768x432.jpg 768w, https:\/\/biomedandtechtalks.com\/web\/wp-content\/uploads\/2024\/04\/FRANCISCO-LOPERA-02-1536x864.jpg 1536w, https:\/\/biomedandtechtalks.com\/web\/wp-content\/uploads\/2024\/04\/FRANCISCO-LOPERA-02.jpg 1920w\" sizes=\"auto, (max-width: 1024px) 100vw, 1024px\" \/><\/p>\n<p align=\"justify\"><b>The health sector, at the forefront<\/b><\/p>\n<p align=\"justify\"><b>Jorge Pou, Director of Innovation and Commercial Operations at GSK Spain, highlighted the <\/b>significant growth experienced by the healthcare sector in recent years. &#8220;<b>In 2023 it was the second sector in volume of investment in entrepreneurship<\/b>&#8220;, being only one percentage point behind the financial sector. &#8220;<b>The time to bring science and technology together to improve the lives of patients is now<\/b>, because of the greater availability of data and the greater capacity around the world of health&#8221;.<\/p>\n<p><img loading=\"lazy\" decoding=\"async\" class=\"aligncenter wp-image-8140 size-large\" src=\"https:\/\/biomedandtechtalks.com\/web\/wp-content\/uploads\/2024\/04\/Imagen-de-WhatsApp-2024-04-08-a-las-15.49.23_2835d455-1024x684.jpg\" alt=\"\" width=\"1024\" height=\"684\" srcset=\"https:\/\/biomedandtechtalks.com\/web\/wp-content\/uploads\/2024\/04\/Imagen-de-WhatsApp-2024-04-08-a-las-15.49.23_2835d455-1024x684.jpg 1024w, https:\/\/biomedandtechtalks.com\/web\/wp-content\/uploads\/2024\/04\/Imagen-de-WhatsApp-2024-04-08-a-las-15.49.23_2835d455-300x200.jpg 300w, https:\/\/biomedandtechtalks.com\/web\/wp-content\/uploads\/2024\/04\/Imagen-de-WhatsApp-2024-04-08-a-las-15.49.23_2835d455-768x513.jpg 768w, https:\/\/biomedandtechtalks.com\/web\/wp-content\/uploads\/2024\/04\/Imagen-de-WhatsApp-2024-04-08-a-las-15.49.23_2835d455-1536x1027.jpg 1536w, https:\/\/biomedandtechtalks.com\/web\/wp-content\/uploads\/2024\/04\/Imagen-de-WhatsApp-2024-04-08-a-las-15.49.23_2835d455.jpg 1616w\" sizes=\"auto, (max-width: 1024px) 100vw, 1024px\" \/><\/p>\n<p align=\"justify\"><b>Major global antibiotic crisis<\/b><\/p>\n<p align=\"justify\">On the other hand, another of the issues that most concerns the healthcare community is the <b>great antibiotic crisis <\/b>that exists globally, since, as <b>Jes\u00fas Rodr\u00edguez-Ba\u00f1o<\/b>, Head of the Infectious Diseases Department at the Virgen Macarena University Hospital and Professor of Medicine at the University of Seville, stated, <b>&#8220;for 20 or 30 years there have been no antibiotic molecules with revolutionary mechanisms of action&#8221;<\/b>.<\/p>\n<p><img loading=\"lazy\" decoding=\"async\" class=\"aligncenter wp-image-8236 size-large\" src=\"https:\/\/biomedandtechtalks.com\/web\/wp-content\/uploads\/2024\/04\/JESUS-RODRIGUEZ-BANO-02-1024x576.jpg\" alt=\"\" width=\"1024\" height=\"576\" srcset=\"https:\/\/biomedandtechtalks.com\/web\/wp-content\/uploads\/2024\/04\/JESUS-RODRIGUEZ-BANO-02-1024x576.jpg 1024w, https:\/\/biomedandtechtalks.com\/web\/wp-content\/uploads\/2024\/04\/JESUS-RODRIGUEZ-BANO-02-300x169.jpg 300w, https:\/\/biomedandtechtalks.com\/web\/wp-content\/uploads\/2024\/04\/JESUS-RODRIGUEZ-BANO-02-768x432.jpg 768w, https:\/\/biomedandtechtalks.com\/web\/wp-content\/uploads\/2024\/04\/JESUS-RODRIGUEZ-BANO-02-1536x864.jpg 1536w, https:\/\/biomedandtechtalks.com\/web\/wp-content\/uploads\/2024\/04\/JESUS-RODRIGUEZ-BANO-02.jpg 1920w\" sizes=\"auto, (max-width: 1024px) 100vw, 1024px\" \/><\/p>\n<p align=\"justify\">A health alert that <b>Olga Genilloud<\/b>, scientific director of the MEDINA Foundation (Innovative Medicines in Andalusia), also expressed, for whom the <b>lack of new antibiotics &#8220;is a problem that we have to address and solve collectively&#8221;.<\/b><\/p>\n<p><img loading=\"lazy\" decoding=\"async\" class=\"aligncenter wp-image-8207 size-large\" src=\"https:\/\/biomedandtechtalks.com\/web\/wp-content\/uploads\/2024\/04\/OLGA-GENILLOUD-MEDINA-02-1024x576.jpg\" alt=\"\" width=\"1024\" height=\"576\" srcset=\"https:\/\/biomedandtechtalks.com\/web\/wp-content\/uploads\/2024\/04\/OLGA-GENILLOUD-MEDINA-02-1024x576.jpg 1024w, https:\/\/biomedandtechtalks.com\/web\/wp-content\/uploads\/2024\/04\/OLGA-GENILLOUD-MEDINA-02-300x169.jpg 300w, https:\/\/biomedandtechtalks.com\/web\/wp-content\/uploads\/2024\/04\/OLGA-GENILLOUD-MEDINA-02-768x432.jpg 768w, https:\/\/biomedandtechtalks.com\/web\/wp-content\/uploads\/2024\/04\/OLGA-GENILLOUD-MEDINA-02-1536x864.jpg 1536w, https:\/\/biomedandtechtalks.com\/web\/wp-content\/uploads\/2024\/04\/OLGA-GENILLOUD-MEDINA-02.jpg 1920w\" sizes=\"auto, (max-width: 1024px) 100vw, 1024px\" \/><\/p>\n<p align=\"justify\">Precisely, the MEDINA Foundation carries out important work in the discovery of drugs from <b>natural products of microbial origin <\/b>that serve as inspiration for <b>&#8220;more than 50% of the drugs we use today&#8221;<\/b>, the <b>sea <\/b>being a <b>great source of resources <\/b>for the discovery of new drugs.<\/p>\n<p align=\"justify\"><b>State-of-the-art demonstrations<\/b><\/p>\n<p align=\"justify\">During the two days at the Hospital Cl\u00ednico San Cecilio in Granada, all visitors were able to enjoy demonstrations by leading companies and organizations worldwide. <b>From an ICU model to show the methodology to be used in complex and highly uncertain moments<\/b>, to an Extended Reality experience by <b>Nokia<\/b>, which has the possibility of <b>treating the phobias of people with intellectual disabilities<\/b>, or even a <b>bioprinter <\/b>and a bioreactor that make available to research and science a custom-designed technology, born to integrate the advantages of <b>additive manufacturing with tissue engineering<\/b>, applied to regenerative medicine.<\/p>\n<p><img loading=\"lazy\" decoding=\"async\" class=\"aligncenter wp-image-8255 size-large\" src=\"https:\/\/biomedandtechtalks.com\/web\/wp-content\/uploads\/2024\/04\/MBL01159-min-1024x683.jpg\" alt=\"\" width=\"1024\" height=\"683\" srcset=\"https:\/\/biomedandtechtalks.com\/web\/wp-content\/uploads\/2024\/04\/MBL01159-min-1024x683.jpg 1024w, https:\/\/biomedandtechtalks.com\/web\/wp-content\/uploads\/2024\/04\/MBL01159-min-300x200.jpg 300w, https:\/\/biomedandtechtalks.com\/web\/wp-content\/uploads\/2024\/04\/MBL01159-min-768x512.jpg 768w, https:\/\/biomedandtechtalks.com\/web\/wp-content\/uploads\/2024\/04\/MBL01159-min-1536x1024.jpg 1536w, https:\/\/biomedandtechtalks.com\/web\/wp-content\/uploads\/2024\/04\/MBL01159-min-2048x1365.jpg 2048w\" sizes=\"auto, (max-width: 1024px) 100vw, 1024px\" \/><\/p>\n<p><img loading=\"lazy\" decoding=\"async\" class=\"aligncenter wp-image-8126 size-large\" src=\"https:\/\/biomedandtechtalks.com\/web\/wp-content\/uploads\/2024\/04\/Imagen-de-WhatsApp-2024-04-08-a-las-12.15.37_73561adf-1024x684.jpg\" alt=\"\" width=\"1024\" height=\"684\" srcset=\"https:\/\/biomedandtechtalks.com\/web\/wp-content\/uploads\/2024\/04\/Imagen-de-WhatsApp-2024-04-08-a-las-12.15.37_73561adf-1024x684.jpg 1024w, https:\/\/biomedandtechtalks.com\/web\/wp-content\/uploads\/2024\/04\/Imagen-de-WhatsApp-2024-04-08-a-las-12.15.37_73561adf-300x200.jpg 300w, https:\/\/biomedandtechtalks.com\/web\/wp-content\/uploads\/2024\/04\/Imagen-de-WhatsApp-2024-04-08-a-las-12.15.37_73561adf-768x513.jpg 768w, https:\/\/biomedandtechtalks.com\/web\/wp-content\/uploads\/2024\/04\/Imagen-de-WhatsApp-2024-04-08-a-las-12.15.37_73561adf-1536x1026.jpg 1536w, https:\/\/biomedandtechtalks.com\/web\/wp-content\/uploads\/2024\/04\/Imagen-de-WhatsApp-2024-04-08-a-las-12.15.37_73561adf.jpg 1600w\" sizes=\"auto, (max-width: 1024px) 100vw, 1024px\" \/><\/p>\n<p><img loading=\"lazy\" decoding=\"async\" class=\"aligncenter wp-image-8128 size-large\" src=\"https:\/\/biomedandtechtalks.com\/web\/wp-content\/uploads\/2024\/04\/Imagen-de-WhatsApp-2024-04-08-a-las-13.31.48_cf3eacb0-1024x684.jpg\" alt=\"\" width=\"1024\" height=\"684\" srcset=\"https:\/\/biomedandtechtalks.com\/web\/wp-content\/uploads\/2024\/04\/Imagen-de-WhatsApp-2024-04-08-a-las-13.31.48_cf3eacb0-1024x684.jpg 1024w, https:\/\/biomedandtechtalks.com\/web\/wp-content\/uploads\/2024\/04\/Imagen-de-WhatsApp-2024-04-08-a-las-13.31.48_cf3eacb0-300x200.jpg 300w, https:\/\/biomedandtechtalks.com\/web\/wp-content\/uploads\/2024\/04\/Imagen-de-WhatsApp-2024-04-08-a-las-13.31.48_cf3eacb0-768x513.jpg 768w, https:\/\/biomedandtechtalks.com\/web\/wp-content\/uploads\/2024\/04\/Imagen-de-WhatsApp-2024-04-08-a-las-13.31.48_cf3eacb0-1536x1027.jpg 1536w, https:\/\/biomedandtechtalks.com\/web\/wp-content\/uploads\/2024\/04\/Imagen-de-WhatsApp-2024-04-08-a-las-13.31.48_cf3eacb0.jpg 1616w\" sizes=\"auto, (max-width: 1024px) 100vw, 1024px\" \/><\/p>\n<p align=\"justify\"><b>An innovative format<\/b><\/p>\n<p align=\"justify\">All the <b>presentations <\/b>of <b>&#8216;BioMed &amp; Tech Talks&#8217; <\/b>are available 24\/365 through <b>&#8216;El Observatorio&#8217;<\/b>, the digital platform of Medina Media Events, for <b>on-demand consumption<\/b>, like Netflix, but free of charge. <b>&#8216;BioMed &amp; Tech Talks&#8217; will return in 2025 <\/b>with its second edition, to be held <b>April 7-10, <\/b>again coinciding with World Health Day and World Health Week.<\/p>\n<p align=\"justify\">The first edition of <b>&#8216;BioMed &amp; Tech Talks&#8217; <\/b>has been organized by Medina Media Events in collaboration with the Fundaci\u00f3n Progreso y Salud of the Consejer\u00eda de Salud y Consumo de la Junta de Andaluc\u00eda and is supported by GSK, Nokia, El Observatorio and the Hospital Cl\u00ednico Universitario San Cecilio. IAVANTE, Andaluc\u00eda TRADE, ASEBIO, Wellness Forum and Granada Convention Bureau, among others, have also collaborated.<\/p>\n","protected":false},"excerpt":{"rendered":"<p>\u00c1lvaro Pascual-Leone, Professor of Neurology at Harvard Medical School: &#8220;Brain diseases cost 15% of the world&#8217;s GDP&#8221;. Dr. Francisco Lopera, a renowned Colombian neurologist, stresses the need for prevention of diseases such as Alzheimer&#8217;s and says that &#8220;in five years we will have much more effective and interesting treatments and in 10 years we will [&hellip;]<\/p>\n","protected":false},"author":3,"featured_media":8252,"comment_status":"closed","ping_status":"closed","sticky":false,"template":"","format":"standard","meta":{"_acf_changed":false,"inline_featured_image":false,"footnotes":""},"categories":[70],"tags":[41,55,81,56,43],"class_list":["post-8258","post","type-post","status-publish","format-standard","has-post-thumbnail","hentry","category-evento-en","tag-biomed-en","tag-biomedicina-en","tag-biotec-en","tag-biotecnologia-en","tag-granada-en"],"acf":[],"yoast_head":"<!-- This site is optimized with the Yoast SEO plugin v27.3 - https:\/\/yoast.com\/product\/yoast-seo-wordpress\/ -->\n<title>TECHNOLOGY AND RESEARCH, KEY TO DISEASE PREVENTION &#8212; Bio Med &amp; Tech Talks<\/title>\n<meta name=\"description\" content=\"Technology and research, key to disease prevention\" \/>\n<meta name=\"robots\" content=\"index, follow, max-snippet:-1, max-image-preview:large, max-video-preview:-1\" \/>\n<link rel=\"canonical\" href=\"https:\/\/biomedandtechtalks.com\/en\/tecnologia-e-investigacion-claves-para-la-prevencion-de-enfermedades\/\" \/>\n<meta property=\"og:locale\" content=\"en_US\" \/>\n<meta property=\"og:type\" content=\"article\" \/>\n<meta property=\"og:title\" content=\"TECHNOLOGY AND RESEARCH, KEY TO DISEASE PREVENTION &#8212; Bio Med &amp; Tech Talks\" \/>\n<meta property=\"og:description\" content=\"Technology and research, key to disease prevention\" \/>\n<meta property=\"og:url\" content=\"https:\/\/biomedandtechtalks.com\/en\/tecnologia-e-investigacion-claves-para-la-prevencion-de-enfermedades\/\" \/>\n<meta property=\"og:site_name\" content=\"Bio Med &amp; Tech Talks\" \/>\n<meta property=\"article:published_time\" content=\"2024-04-13T07:00:59+00:00\" \/>\n<meta property=\"og:image\" content=\"https:\/\/biomedandtechtalks.com\/web\/wp-content\/uploads\/2024\/04\/Default_Create_an_illustration_depicting_the_vital_role_of_tec_3.jpg\" \/>\n\t<meta property=\"og:image:width\" content=\"1792\" \/>\n\t<meta property=\"og:image:height\" content=\"1008\" \/>\n\t<meta property=\"og:image:type\" content=\"image\/jpeg\" \/>\n<meta name=\"author\" content=\"Comunicaci\u00f3n MME\" \/>\n<meta name=\"twitter:card\" content=\"summary_large_image\" \/>\n<meta name=\"twitter:label1\" content=\"Written by\" \/>\n\t<meta name=\"twitter:data1\" content=\"Comunicaci\u00f3n MME\" \/>\n\t<meta name=\"twitter:label2\" content=\"Est. reading time\" \/>\n\t<meta name=\"twitter:data2\" content=\"11 minutes\" \/>\n<script type=\"application\/ld+json\" class=\"yoast-schema-graph\">{\"@context\":\"https:\\\/\\\/schema.org\",\"@graph\":[{\"@type\":\"Article\",\"@id\":\"https:\\\/\\\/biomedandtechtalks.com\\\/en\\\/tecnologia-e-investigacion-claves-para-la-prevencion-de-enfermedades\\\/#article\",\"isPartOf\":{\"@id\":\"https:\\\/\\\/biomedandtechtalks.com\\\/en\\\/tecnologia-e-investigacion-claves-para-la-prevencion-de-enfermedades\\\/\"},\"author\":{\"name\":\"Comunicaci\u00f3n MME\",\"@id\":\"https:\\\/\\\/biomedandtechtalks.com\\\/en\\\/#\\\/schema\\\/person\\\/6a16b3cb23e8f6cbd8c8660c381086f2\"},\"headline\":\"TECHNOLOGY AND RESEARCH, KEY TO DISEASE PREVENTION\",\"datePublished\":\"2024-04-13T07:00:59+00:00\",\"mainEntityOfPage\":{\"@id\":\"https:\\\/\\\/biomedandtechtalks.com\\\/en\\\/tecnologia-e-investigacion-claves-para-la-prevencion-de-enfermedades\\\/\"},\"wordCount\":1596,\"publisher\":{\"@id\":\"https:\\\/\\\/biomedandtechtalks.com\\\/en\\\/#organization\"},\"image\":{\"@id\":\"https:\\\/\\\/biomedandtechtalks.com\\\/en\\\/tecnologia-e-investigacion-claves-para-la-prevencion-de-enfermedades\\\/#primaryimage\"},\"thumbnailUrl\":\"https:\\\/\\\/biomedandtechtalks.com\\\/web\\\/wp-content\\\/uploads\\\/2024\\\/04\\\/Default_Create_an_illustration_depicting_the_vital_role_of_tec_3.jpg\",\"keywords\":[\"biomed\",\"biomedicina\",\"biotec\",\"biotecnolog\u00eda\",\"granada\"],\"articleSection\":[\"Evento\"],\"inLanguage\":\"en-US\"},{\"@type\":\"WebPage\",\"@id\":\"https:\\\/\\\/biomedandtechtalks.com\\\/en\\\/tecnologia-e-investigacion-claves-para-la-prevencion-de-enfermedades\\\/\",\"url\":\"https:\\\/\\\/biomedandtechtalks.com\\\/en\\\/tecnologia-e-investigacion-claves-para-la-prevencion-de-enfermedades\\\/\",\"name\":\"TECHNOLOGY AND RESEARCH, KEY TO DISEASE PREVENTION &#8212; Bio Med &amp; Tech Talks\",\"isPartOf\":{\"@id\":\"https:\\\/\\\/biomedandtechtalks.com\\\/en\\\/#website\"},\"primaryImageOfPage\":{\"@id\":\"https:\\\/\\\/biomedandtechtalks.com\\\/en\\\/tecnologia-e-investigacion-claves-para-la-prevencion-de-enfermedades\\\/#primaryimage\"},\"image\":{\"@id\":\"https:\\\/\\\/biomedandtechtalks.com\\\/en\\\/tecnologia-e-investigacion-claves-para-la-prevencion-de-enfermedades\\\/#primaryimage\"},\"thumbnailUrl\":\"https:\\\/\\\/biomedandtechtalks.com\\\/web\\\/wp-content\\\/uploads\\\/2024\\\/04\\\/Default_Create_an_illustration_depicting_the_vital_role_of_tec_3.jpg\",\"datePublished\":\"2024-04-13T07:00:59+00:00\",\"description\":\"Technology and research, key to disease prevention\",\"breadcrumb\":{\"@id\":\"https:\\\/\\\/biomedandtechtalks.com\\\/en\\\/tecnologia-e-investigacion-claves-para-la-prevencion-de-enfermedades\\\/#breadcrumb\"},\"inLanguage\":\"en-US\",\"potentialAction\":[{\"@type\":\"ReadAction\",\"target\":[\"https:\\\/\\\/biomedandtechtalks.com\\\/en\\\/tecnologia-e-investigacion-claves-para-la-prevencion-de-enfermedades\\\/\"]}]},{\"@type\":\"ImageObject\",\"inLanguage\":\"en-US\",\"@id\":\"https:\\\/\\\/biomedandtechtalks.com\\\/en\\\/tecnologia-e-investigacion-claves-para-la-prevencion-de-enfermedades\\\/#primaryimage\",\"url\":\"https:\\\/\\\/biomedandtechtalks.com\\\/web\\\/wp-content\\\/uploads\\\/2024\\\/04\\\/Default_Create_an_illustration_depicting_the_vital_role_of_tec_3.jpg\",\"contentUrl\":\"https:\\\/\\\/biomedandtechtalks.com\\\/web\\\/wp-content\\\/uploads\\\/2024\\\/04\\\/Default_Create_an_illustration_depicting_the_vital_role_of_tec_3.jpg\",\"width\":1792,\"height\":1008},{\"@type\":\"BreadcrumbList\",\"@id\":\"https:\\\/\\\/biomedandtechtalks.com\\\/en\\\/tecnologia-e-investigacion-claves-para-la-prevencion-de-enfermedades\\\/#breadcrumb\",\"itemListElement\":[{\"@type\":\"ListItem\",\"position\":1,\"name\":\"Portada\",\"item\":\"https:\\\/\\\/biomedandtechtalks.com\\\/en\\\/\"},{\"@type\":\"ListItem\",\"position\":2,\"name\":\"TECHNOLOGY AND RESEARCH, KEY TO DISEASE PREVENTION\"}]},{\"@type\":\"WebSite\",\"@id\":\"https:\\\/\\\/biomedandtechtalks.com\\\/en\\\/#website\",\"url\":\"https:\\\/\\\/biomedandtechtalks.com\\\/en\\\/\",\"name\":\"Bio Med & Tech Talks\",\"description\":\"Tu cita con la Investigaci\u00f3n y la Innovaci\u00f3n\",\"publisher\":{\"@id\":\"https:\\\/\\\/biomedandtechtalks.com\\\/en\\\/#organization\"},\"potentialAction\":[{\"@type\":\"SearchAction\",\"target\":{\"@type\":\"EntryPoint\",\"urlTemplate\":\"https:\\\/\\\/biomedandtechtalks.com\\\/en\\\/?s={search_term_string}\"},\"query-input\":{\"@type\":\"PropertyValueSpecification\",\"valueRequired\":true,\"valueName\":\"search_term_string\"}}],\"inLanguage\":\"en-US\"},{\"@type\":\"Organization\",\"@id\":\"https:\\\/\\\/biomedandtechtalks.com\\\/en\\\/#organization\",\"name\":\"Bio Med & Tech Talks\",\"url\":\"https:\\\/\\\/biomedandtechtalks.com\\\/en\\\/\",\"logo\":{\"@type\":\"ImageObject\",\"inLanguage\":\"en-US\",\"@id\":\"https:\\\/\\\/biomedandtechtalks.com\\\/en\\\/#\\\/schema\\\/logo\\\/image\\\/\",\"url\":\"https:\\\/\\\/biomedandtechtalks.com\\\/web\\\/wp-content\\\/uploads\\\/2023\\\/12\\\/screenshot.png\",\"contentUrl\":\"https:\\\/\\\/biomedandtechtalks.com\\\/web\\\/wp-content\\\/uploads\\\/2023\\\/12\\\/screenshot.png\",\"width\":1200,\"height\":900,\"caption\":\"Bio Med & Tech Talks\"},\"image\":{\"@id\":\"https:\\\/\\\/biomedandtechtalks.com\\\/en\\\/#\\\/schema\\\/logo\\\/image\\\/\"}},{\"@type\":\"Person\",\"@id\":\"https:\\\/\\\/biomedandtechtalks.com\\\/en\\\/#\\\/schema\\\/person\\\/6a16b3cb23e8f6cbd8c8660c381086f2\",\"name\":\"Comunicaci\u00f3n MME\"}]}<\/script>\n<!-- \/ Yoast SEO plugin. -->","yoast_head_json":{"title":"TECHNOLOGY AND RESEARCH, KEY TO DISEASE PREVENTION &#8212; Bio Med &amp; Tech Talks","description":"Technology and research, key to disease prevention","robots":{"index":"index","follow":"follow","max-snippet":"max-snippet:-1","max-image-preview":"max-image-preview:large","max-video-preview":"max-video-preview:-1"},"canonical":"https:\/\/biomedandtechtalks.com\/en\/tecnologia-e-investigacion-claves-para-la-prevencion-de-enfermedades\/","og_locale":"en_US","og_type":"article","og_title":"TECHNOLOGY AND RESEARCH, KEY TO DISEASE PREVENTION &#8212; Bio Med &amp; Tech Talks","og_description":"Technology and research, key to disease prevention","og_url":"https:\/\/biomedandtechtalks.com\/en\/tecnologia-e-investigacion-claves-para-la-prevencion-de-enfermedades\/","og_site_name":"Bio Med &amp; Tech Talks","article_published_time":"2024-04-13T07:00:59+00:00","og_image":[{"width":1792,"height":1008,"url":"https:\/\/biomedandtechtalks.com\/web\/wp-content\/uploads\/2024\/04\/Default_Create_an_illustration_depicting_the_vital_role_of_tec_3.jpg","type":"image\/jpeg"}],"author":"Comunicaci\u00f3n MME","twitter_card":"summary_large_image","twitter_misc":{"Written by":"Comunicaci\u00f3n MME","Est. reading time":"11 minutes"},"schema":{"@context":"https:\/\/schema.org","@graph":[{"@type":"Article","@id":"https:\/\/biomedandtechtalks.com\/en\/tecnologia-e-investigacion-claves-para-la-prevencion-de-enfermedades\/#article","isPartOf":{"@id":"https:\/\/biomedandtechtalks.com\/en\/tecnologia-e-investigacion-claves-para-la-prevencion-de-enfermedades\/"},"author":{"name":"Comunicaci\u00f3n MME","@id":"https:\/\/biomedandtechtalks.com\/en\/#\/schema\/person\/6a16b3cb23e8f6cbd8c8660c381086f2"},"headline":"TECHNOLOGY AND RESEARCH, KEY TO DISEASE PREVENTION","datePublished":"2024-04-13T07:00:59+00:00","mainEntityOfPage":{"@id":"https:\/\/biomedandtechtalks.com\/en\/tecnologia-e-investigacion-claves-para-la-prevencion-de-enfermedades\/"},"wordCount":1596,"publisher":{"@id":"https:\/\/biomedandtechtalks.com\/en\/#organization"},"image":{"@id":"https:\/\/biomedandtechtalks.com\/en\/tecnologia-e-investigacion-claves-para-la-prevencion-de-enfermedades\/#primaryimage"},"thumbnailUrl":"https:\/\/biomedandtechtalks.com\/web\/wp-content\/uploads\/2024\/04\/Default_Create_an_illustration_depicting_the_vital_role_of_tec_3.jpg","keywords":["biomed","biomedicina","biotec","biotecnolog\u00eda","granada"],"articleSection":["Evento"],"inLanguage":"en-US"},{"@type":"WebPage","@id":"https:\/\/biomedandtechtalks.com\/en\/tecnologia-e-investigacion-claves-para-la-prevencion-de-enfermedades\/","url":"https:\/\/biomedandtechtalks.com\/en\/tecnologia-e-investigacion-claves-para-la-prevencion-de-enfermedades\/","name":"TECHNOLOGY AND RESEARCH, KEY TO DISEASE PREVENTION &#8212; Bio Med &amp; Tech Talks","isPartOf":{"@id":"https:\/\/biomedandtechtalks.com\/en\/#website"},"primaryImageOfPage":{"@id":"https:\/\/biomedandtechtalks.com\/en\/tecnologia-e-investigacion-claves-para-la-prevencion-de-enfermedades\/#primaryimage"},"image":{"@id":"https:\/\/biomedandtechtalks.com\/en\/tecnologia-e-investigacion-claves-para-la-prevencion-de-enfermedades\/#primaryimage"},"thumbnailUrl":"https:\/\/biomedandtechtalks.com\/web\/wp-content\/uploads\/2024\/04\/Default_Create_an_illustration_depicting_the_vital_role_of_tec_3.jpg","datePublished":"2024-04-13T07:00:59+00:00","description":"Technology and research, key to disease prevention","breadcrumb":{"@id":"https:\/\/biomedandtechtalks.com\/en\/tecnologia-e-investigacion-claves-para-la-prevencion-de-enfermedades\/#breadcrumb"},"inLanguage":"en-US","potentialAction":[{"@type":"ReadAction","target":["https:\/\/biomedandtechtalks.com\/en\/tecnologia-e-investigacion-claves-para-la-prevencion-de-enfermedades\/"]}]},{"@type":"ImageObject","inLanguage":"en-US","@id":"https:\/\/biomedandtechtalks.com\/en\/tecnologia-e-investigacion-claves-para-la-prevencion-de-enfermedades\/#primaryimage","url":"https:\/\/biomedandtechtalks.com\/web\/wp-content\/uploads\/2024\/04\/Default_Create_an_illustration_depicting_the_vital_role_of_tec_3.jpg","contentUrl":"https:\/\/biomedandtechtalks.com\/web\/wp-content\/uploads\/2024\/04\/Default_Create_an_illustration_depicting_the_vital_role_of_tec_3.jpg","width":1792,"height":1008},{"@type":"BreadcrumbList","@id":"https:\/\/biomedandtechtalks.com\/en\/tecnologia-e-investigacion-claves-para-la-prevencion-de-enfermedades\/#breadcrumb","itemListElement":[{"@type":"ListItem","position":1,"name":"Portada","item":"https:\/\/biomedandtechtalks.com\/en\/"},{"@type":"ListItem","position":2,"name":"TECHNOLOGY AND RESEARCH, KEY TO DISEASE PREVENTION"}]},{"@type":"WebSite","@id":"https:\/\/biomedandtechtalks.com\/en\/#website","url":"https:\/\/biomedandtechtalks.com\/en\/","name":"Bio Med & Tech Talks","description":"Tu cita con la Investigaci\u00f3n y la Innovaci\u00f3n","publisher":{"@id":"https:\/\/biomedandtechtalks.com\/en\/#organization"},"potentialAction":[{"@type":"SearchAction","target":{"@type":"EntryPoint","urlTemplate":"https:\/\/biomedandtechtalks.com\/en\/?s={search_term_string}"},"query-input":{"@type":"PropertyValueSpecification","valueRequired":true,"valueName":"search_term_string"}}],"inLanguage":"en-US"},{"@type":"Organization","@id":"https:\/\/biomedandtechtalks.com\/en\/#organization","name":"Bio Med & Tech Talks","url":"https:\/\/biomedandtechtalks.com\/en\/","logo":{"@type":"ImageObject","inLanguage":"en-US","@id":"https:\/\/biomedandtechtalks.com\/en\/#\/schema\/logo\/image\/","url":"https:\/\/biomedandtechtalks.com\/web\/wp-content\/uploads\/2023\/12\/screenshot.png","contentUrl":"https:\/\/biomedandtechtalks.com\/web\/wp-content\/uploads\/2023\/12\/screenshot.png","width":1200,"height":900,"caption":"Bio Med & Tech Talks"},"image":{"@id":"https:\/\/biomedandtechtalks.com\/en\/#\/schema\/logo\/image\/"}},{"@type":"Person","@id":"https:\/\/biomedandtechtalks.com\/en\/#\/schema\/person\/6a16b3cb23e8f6cbd8c8660c381086f2","name":"Comunicaci\u00f3n MME"}]}},"_links":{"self":[{"href":"https:\/\/biomedandtechtalks.com\/en\/wp-json\/wp\/v2\/posts\/8258","targetHints":{"allow":["GET"]}}],"collection":[{"href":"https:\/\/biomedandtechtalks.com\/en\/wp-json\/wp\/v2\/posts"}],"about":[{"href":"https:\/\/biomedandtechtalks.com\/en\/wp-json\/wp\/v2\/types\/post"}],"author":[{"embeddable":true,"href":"https:\/\/biomedandtechtalks.com\/en\/wp-json\/wp\/v2\/users\/3"}],"replies":[{"embeddable":true,"href":"https:\/\/biomedandtechtalks.com\/en\/wp-json\/wp\/v2\/comments?post=8258"}],"version-history":[{"count":2,"href":"https:\/\/biomedandtechtalks.com\/en\/wp-json\/wp\/v2\/posts\/8258\/revisions"}],"predecessor-version":[{"id":8260,"href":"https:\/\/biomedandtechtalks.com\/en\/wp-json\/wp\/v2\/posts\/8258\/revisions\/8260"}],"wp:featuredmedia":[{"embeddable":true,"href":"https:\/\/biomedandtechtalks.com\/en\/wp-json\/wp\/v2\/media\/8252"}],"wp:attachment":[{"href":"https:\/\/biomedandtechtalks.com\/en\/wp-json\/wp\/v2\/media?parent=8258"}],"wp:term":[{"taxonomy":"category","embeddable":true,"href":"https:\/\/biomedandtechtalks.com\/en\/wp-json\/wp\/v2\/categories?post=8258"},{"taxonomy":"post_tag","embeddable":true,"href":"https:\/\/biomedandtechtalks.com\/en\/wp-json\/wp\/v2\/tags?post=8258"}],"curies":[{"name":"wp","href":"https:\/\/api.w.org\/{rel}","templated":true}]}}